{"id":17134,"date":"2025-08-20T08:22:27","date_gmt":"2025-08-20T08:22:27","guid":{"rendered":"https:\/\/itra.tg\/?p=17134"},"modified":"2025-09-18T07:37:36","modified_gmt":"2025-09-18T07:37:36","slug":"candidatez-pour-vous-faire-former-sur-lune-des-thematiques-suivants-a-litra","status":"publish","type":"post","link":"https:\/\/itra.tg\/index.php\/2025\/08\/20\/candidatez-pour-vous-faire-former-sur-lune-des-thematiques-suivants-a-litra\/","title":{"rendered":"Candidatez pour vous faire former sur l\u2019une des th\u00e9matiques suivantes \u00e0 l\u2019ITRA"},"content":{"rendered":"\n<p><\/p>\n\n\n\n<p>Pour stimuler l\u2019employabilit\u00e9 des jeunes dans les secteurs agricole et agroalimentaire, l\u2019Institut Togolais de Recherche Agronomique (ITRA), lance un appel \u00e0 candidature pour la deuxi\u00e8me cohorte de formation ciblant les jeunes&nbsp;d\u2019\u00e2ge compris entre 18 et 35 ans.<\/p>\n\n\n\n<p>L\u2019initiative rentre dans le cadre de la mise en \u0153uvre de la strat\u00e9gie r\u00e9gionale de la Commission de la CEDEAO pour l\u2019employabilit\u00e9 des jeunes&nbsp;dans les cha\u00eenes&nbsp;de valeur agro -sylvo- pastoral et halieutique&nbsp;par le CORAF.<\/p>\n\n\n\n<p>Pour cette deuxi\u00e8me cohorte, 150 jeunes dont 40% de femmes seront outill\u00e9s sur l\u2019une des trois th\u00e9matiques&nbsp;\u00e0 savoir les syst\u00e8mes de culture int\u00e9gr\u00e9es&nbsp;;<strong>&nbsp;<\/strong>&nbsp;la production de semences mara\u00eech\u00e8res&nbsp;am\u00e9lior\u00e9es&nbsp;et&nbsp; les techniques de transformation agroalimentaire.&nbsp;<\/p>\n\n\n\n<p>Le contexte de l&rsquo;appel et les conditions de soumission peuvent \u00eatre consult\u00e9s  <a href=\"https:\/\/itra.tg\/wp-content\/uploads\/2025\/08\/Appel-a-candidature-pour-la-formation-des-jeunes-en-agriculture-et-dans-les-chaines-de-valeur-agricoles.pdf\">ici<\/a>.<\/p>\n\n\n\n<p>La fiche de candidature \u00e0 d\u00e9poser \u00e0 l&rsquo;ITRA ou \u00e0 envoyer au plus tard le 19 septembre 2025 peut \u00eatre t\u00e9l\u00e9charg\u00e9e <a href=\"https:\/\/itra.tg\/wp-content\/uploads\/2025\/07\/Fiche_de_soumission_de_candidatureITRA_CEDEAO25.doc\" data-type=\"link\" data-id=\"https:\/\/itra.tg\/wp-content\/uploads\/2025\/07\/Fiche_de_soumission_de_candidatureITRA_CEDEAO25.doc\">ici<\/a> .<\/p>\n\n\n\n<figure class=\"wp-block-embed is-type-video is-provider-youtube wp-block-embed-youtube wp-embed-aspect-16-9 wp-has-aspect-ratio\"><div class=\"wp-block-embed__wrapper\">\n<p class=\"responsive-video-wrap clr\"><iframe title=\"FORMATION CEDEAO ITRA : STORY COHORTE 1 ET ANNONCE COHORTE 2 AVEC LE CORAF\" width=\"1200\" height=\"675\" src=\"https:\/\/www.youtube.com\/embed\/CtzHiKbjxoQ?feature=oembed\" frameborder=\"0\" allow=\"accelerometer; autoplay; clipboard-write; encrypted-media; gyroscope; picture-in-picture; web-share\" referrerpolicy=\"strict-origin-when-cross-origin\" allowfullscreen><\/iframe><\/p>\n<\/div><\/figure>\n\n\n\n<p><\/p>\n","protected":false},"excerpt":{"rendered":"<p>Pour stimuler l\u2019employabilit\u00e9 des jeunes dans les secteurs agricole et agroalimentaire, l\u2019Institut Togolais de Recherche Agronomique (ITRA), lance un appel \u00e0 candidature pour la deuxi\u00e8me cohorte de formation ciblant les jeunes&nbsp;d\u2019\u00e2ge compris entre 18 et 35 ans. L\u2019initiative rentre dans le cadre de la mise en \u0153uvre de la strat\u00e9gie r\u00e9gionale de la Commission de [&hellip;]<\/p>\n","protected":false},"author":6,"featured_media":17139,"comment_status":"closed","ping_status":"open","sticky":false,"template":"","format":"standard","meta":{"_seopress_robots_primary_cat":"none","_seopress_titles_title":"","_seopress_titles_desc":"Pour stimuler l\u2019employabilit\u00e9 des jeunes dans les secteurs agricole et agroalimentaire, l\u2019ITRA, lance un appel \u00e0 candidature pour la 2\u00e8me cohorte de formation ciblant les jeunes.","_seopress_robots_index":"","footnotes":""},"categories":[1],"tags":[],"class_list":["post-17134","post","type-post","status-publish","format-standard","has-post-thumbnail","hentry","category-uncategorized","entry","has-media"],"_links":{"self":[{"href":"https:\/\/itra.tg\/index.php\/wp-json\/wp\/v2\/posts\/17134","targetHints":{"allow":["GET"]}}],"collection":[{"href":"https:\/\/itra.tg\/index.php\/wp-json\/wp\/v2\/posts"}],"about":[{"href":"https:\/\/itra.tg\/index.php\/wp-json\/wp\/v2\/types\/post"}],"author":[{"embeddable":true,"href":"https:\/\/itra.tg\/index.php\/wp-json\/wp\/v2\/users\/6"}],"replies":[{"embeddable":true,"href":"https:\/\/itra.tg\/index.php\/wp-json\/wp\/v2\/comments?post=17134"}],"version-history":[{"count":8,"href":"https:\/\/itra.tg\/index.php\/wp-json\/wp\/v2\/posts\/17134\/revisions"}],"predecessor-version":[{"id":17165,"href":"https:\/\/itra.tg\/index.php\/wp-json\/wp\/v2\/posts\/17134\/revisions\/17165"}],"wp:featuredmedia":[{"embeddable":true,"href":"https:\/\/itra.tg\/index.php\/wp-json\/wp\/v2\/media\/17139"}],"wp:attachment":[{"href":"https:\/\/itra.tg\/index.php\/wp-json\/wp\/v2\/media?parent=17134"}],"wp:term":[{"taxonomy":"category","embeddable":true,"href":"https:\/\/itra.tg\/index.php\/wp-json\/wp\/v2\/categories?post=17134"},{"taxonomy":"post_tag","embeddable":true,"href":"https:\/\/itra.tg\/index.php\/wp-json\/wp\/v2\/tags?post=17134"}],"curies":[{"name":"wp","href":"https:\/\/api.w.org\/{rel}","templated":true}]}}