{"id":17195,"date":"2025-12-05T10:03:00","date_gmt":"2025-12-05T10:03:00","guid":{"rendered":"https:\/\/itra.tg\/?p=17195"},"modified":"2025-12-09T07:56:17","modified_gmt":"2025-12-09T07:56:17","slug":"le-cns-bioagresseurs-de-litra-evalue-les-progres-du-projet-biocontrole","status":"publish","type":"post","link":"https:\/\/itra.tg\/index.php\/2025\/12\/05\/le-cns-bioagresseurs-de-litra-evalue-les-progres-du-projet-biocontrole\/","title":{"rendered":"Le CNS Bioagresseurs de l\u2019ITRA \u00e9value les progr\u00e8s du projet BIOCONTROLE\u00a0"},"content":{"rendered":"\n<p>Port\u00e9 par le CNS Bioagresseurs de l\u2019Institut Togolais de Recherche Agronomique (ITRA), le projet BIOCONTROLE a \u00e9t\u00e9 initi\u00e9 en vue de prendre en compte la lutte durable contre les maladies des plantes, les ravageurs des cultures et surtout de trouver des m\u00e9thodes de lutte qui respectent l&rsquo;environnement, tout en assurant la s\u00e9curit\u00e9 alimentaire.<\/p>\n\n\n\n<p>Sur le terrain, les activit\u00e9s sont mises en \u0153uvre en collaboration avec les universit\u00e9s de Lom\u00e9 et de Kara d\u2019une part,&nbsp;ainsi que le Centre R\u00e9gional d&rsquo;Excellence Fruits et L\u00e9gumes (CRE-FL\/INERA du Burkina Faso) et le Centre for Agricultural Bioscience International (CABI) d\u2019autre part.<\/p>\n\n\n\n<blockquote class=\"wp-block-quote is-layout-flow wp-block-quote-is-layout-flow\">\n<p>\u00ab Dans notre sous-r\u00e9gion, les bioagresseurs, c&rsquo;est-\u00e0-dire les contraintes biologiques \u00e0 savoir les maladies, les ravageurs font partie des contraintes les plus importantes qui limitent les rendements au champ. Heureusement que nous avons des entomologistes, des phytopathologistes sp\u00e9cialis\u00e9s pour trouver des solutions \u00e0 ces types de probl\u00e8mes \u00bb, informe Dr TEDIHOU Ekanao, Coordonnateur du CNS Bioagresseurs.<\/p>\n<\/blockquote>\n\n\n\n<p>R\u00e9uni en atelier du 1er au 3 d\u00e9cembre 2025 \u00e0 Atakpam\u00e9, au Togo, une vingtaine de chercheurs, enseignants-chercheurs ont \u00e9valu\u00e9 treize (13) pr\u00e9sentations effectu\u00e9es sur les activit\u00e9s r\u00e9alis\u00e9es. Des groupes de travail ont permis d\u2019harmoniser et de valider les protocoles scientifiques mis en \u0153uvre par les institutions partenaires. Apr\u00e8s avoir consolid\u00e9 les acquis et ajust\u00e9 les approches m\u00e9thodologiques, une feuille de route a \u00e9t\u00e9 \u00e9labor\u00e9e pour la suite du projet.<\/p>\n\n\n\n<blockquote class=\"wp-block-quote is-layout-flow wp-block-quote-is-layout-flow\">\n<p>\u00ab Dans le contexte actuel de variabilit\u00e9 climatique de plus en plus marqu\u00e9 par la prolif\u00e9ration des phytopathologies et des insectes ravageurs, l\u2019ITRA, \u00e0 travers le CNS Bioagresseurs est appel\u00e9 \u00e0 proposer des solutions qui doivent permettre au CORAF d\u2019adresser le probl\u00e8me au niveau r\u00e9gional. C\u2019est cet esprit qui doit nous guider dans l\u2019ex\u00e9cution de nos activit\u00e9s dans le cadre pr\u00e9cis du BIOCONTROLE \u00bb, a rappel\u00e9 Dr AKATA ATCHOZOU Eyanawa, \u00e0 l\u2019ouverture des travaux.<\/p>\n\n\n\n<figure class=\"wp-block-image size-large is-resized\"><img alt=\"\" fetchpriority=\"high\" decoding=\"async\" width=\"1024\" height=\"683\" src=\"https:\/\/itra.tg\/wp-content\/uploads\/2025\/12\/WhatsApp-Image-2025-12-09-a-07.54.22_632ab20c-1024x683.jpg\" alt=\"\" class=\"wp-image-17202\" style=\"aspect-ratio:1.4993116503183617;width:528px;height:auto\" srcset=\"https:\/\/itra.tg\/wp-content\/uploads\/2025\/12\/WhatsApp-Image-2025-12-09-a-07.54.22_632ab20c-1024x683.jpg 1024w, https:\/\/itra.tg\/wp-content\/uploads\/2025\/12\/WhatsApp-Image-2025-12-09-a-07.54.22_632ab20c-300x200.jpg 300w, https:\/\/itra.tg\/wp-content\/uploads\/2025\/12\/WhatsApp-Image-2025-12-09-a-07.54.22_632ab20c-768x512.jpg 768w, https:\/\/itra.tg\/wp-content\/uploads\/2025\/12\/WhatsApp-Image-2025-12-09-a-07.54.22_632ab20c.jpg 1080w\" sizes=\"(max-width: 1024px) 100vw, 1024px\" \/><\/figure>\n<\/blockquote>\n\n\n\n<p>Les activit\u00e9s de cette rencontre purement technique ont \u00e9t\u00e9 dirig\u00e9es par Pr. Wolali NYAMADOR, Professeur titulaire d&rsquo;entomologie \u00e0 la Facult\u00e9 des Sciences (FDS) de l&rsquo;Universit\u00e9 de Lom\u00e9, chef de d\u00e9partement de zoologie et de biologie animale.<\/p>\n\n\n\n<blockquote class=\"wp-block-quote is-layout-flow wp-block-quote-is-layout-flow\">\n<p>\u00ab J&rsquo;avoue que les pr\u00e9sentations ont \u00e9t\u00e9 bien faites. Nous avons vu comment les chercheurs ont \u00e9t\u00e9 impliqu\u00e9s v\u00e9ritablement dans les activit\u00e9s cibles. Des recommandations leur ont \u00e9t\u00e9 faites pour une bonne suite \u00bb, a rapport\u00e9 Prof NYAMADOR en sa qualit\u00e9 de pr\u00e9sident du pr\u00e9sidium au cours des travaux.<\/p>\n<\/blockquote>\n\n\n\n<p>Il remercie par ailleurs le FSRP \u00e0 travers le CORAF pour avoir mis les moyens pour que le projet r\u00e9gional \u00ab Gestion climato-intelligente des bioagresseurs pour une meilleure productivit\u00e9 des cultures vivri\u00e8res \u00bb, plus connu sous le nom de Projet BIOCONTROLE, puisse tenir dans de bonnes conditions sur le terrain.<\/p>\n\n\n\n<blockquote class=\"wp-block-quote is-layout-flow wp-block-quote-is-layout-flow\">\n<p>\u00ab Nous avons encore besoin de ces bailleurs pour la suite des travaux puisque c&rsquo;est un projet sur trois ans. Nous venons de boucler la premi\u00e8re ann\u00e9e. Nous comptons \u00e9galement sur eux afin de faire les activit\u00e9s dans les bonnes normes \u00bb lance-t-il.<\/p>\n<\/blockquote>\n\n\n\n<p>Les chercheurs et enseignants-chercheurs se sont quitt\u00e9s dans la perspective de pouvoir finir les activit\u00e9s entam\u00e9es dans le cadre du projet BIOCONTROLE et \u00eatre en mesure de dire au CORAF et aux producteurs, voil\u00e0 ce que nous avons trouv\u00e9, par rapport aux probl\u00e8mes comme les fl\u00e9trissements de la tomate, les n\u00e9matodes des tomates, etc.&nbsp;<\/p>\n","protected":false},"excerpt":{"rendered":"<p>Le projet BIOCONTROLE a \u00e9t\u00e9 initi\u00e9 pour prendre en compte la lutte durable contre les Bioagresseurs tout en assurant la s\u00e9curit\u00e9 alimentaire.<\/p>\n","protected":false},"author":6,"featured_media":17199,"comment_status":"closed","ping_status":"open","sticky":false,"template":"","format":"standard","meta":{"_seopress_robots_primary_cat":"none","_seopress_titles_title":"","_seopress_titles_desc":"Port\u00e9 par le CNS Bioagresseurs de l\u2019ITRA), le projet BIOCONTROLE a \u00e9t\u00e9 initi\u00e9 en vue de prendre en compte la lutte durable contre les maladies des plantes, les ravageurs des cultures et surtout de trouver des m\u00e9thodes de lutte qui respectent l'environnement, tout en assurant la s\u00e9curit\u00e9 alimentaire.","_seopress_robots_index":"","footnotes":""},"categories":[19],"tags":[56,55,36,24],"class_list":["post-17195","post","type-post","status-publish","format-standard","has-post-thumbnail","hentry","category-actualite","tag-biocontrole","tag-cnsbioagresseur","tag-coraf","tag-itra","entry","has-media"],"_links":{"self":[{"href":"https:\/\/itra.tg\/index.php\/wp-json\/wp\/v2\/posts\/17195","targetHints":{"allow":["GET"]}}],"collection":[{"href":"https:\/\/itra.tg\/index.php\/wp-json\/wp\/v2\/posts"}],"about":[{"href":"https:\/\/itra.tg\/index.php\/wp-json\/wp\/v2\/types\/post"}],"author":[{"embeddable":true,"href":"https:\/\/itra.tg\/index.php\/wp-json\/wp\/v2\/users\/6"}],"replies":[{"embeddable":true,"href":"https:\/\/itra.tg\/index.php\/wp-json\/wp\/v2\/comments?post=17195"}],"version-history":[{"count":3,"href":"https:\/\/itra.tg\/index.php\/wp-json\/wp\/v2\/posts\/17195\/revisions"}],"predecessor-version":[{"id":17203,"href":"https:\/\/itra.tg\/index.php\/wp-json\/wp\/v2\/posts\/17195\/revisions\/17203"}],"wp:featuredmedia":[{"embeddable":true,"href":"https:\/\/itra.tg\/index.php\/wp-json\/wp\/v2\/media\/17199"}],"wp:attachment":[{"href":"https:\/\/itra.tg\/index.php\/wp-json\/wp\/v2\/media?parent=17195"}],"wp:term":[{"taxonomy":"category","embeddable":true,"href":"https:\/\/itra.tg\/index.php\/wp-json\/wp\/v2\/categories?post=17195"},{"taxonomy":"post_tag","embeddable":true,"href":"https:\/\/itra.tg\/index.php\/wp-json\/wp\/v2\/tags?post=17195"}],"curies":[{"name":"wp","href":"https:\/\/api.w.org\/{rel}","templated":true}]}}